{"id":1920,"date":"2025-05-10T10:59:11","date_gmt":"2025-05-10T13:59:11","guid":{"rendered":"https:\/\/educacaoempreendedora.com\/cieeci2025\/?p=1920"},"modified":"2025-05-10T10:59:11","modified_gmt":"2025-05-10T13:59:11","slug":"professor-jacinto-jardim-visita-municipios-sergipanos-no-projeto-construindo-pontes-com-os-municipios-empreendedores","status":"publish","type":"post","link":"https:\/\/educacaoempreendedora.com\/cieeci2025\/principal\/professor-jacinto-jardim-visita-municipios-sergipanos-no-projeto-construindo-pontes-com-os-municipios-empreendedores\/","title":{"rendered":"Professor Jacinto Jardim visita munic\u00edpios sergipanos no projeto \u201cConstruindo Pontes com os Munic\u00edpios Empreendedores\u201d"},"content":{"rendered":"<p>Entre os dias 05 e 09 de maio de 2025, o professor doutor Jacinto Jardim, da Universidade Aberta de Portugal, esteve em Sergipe em uma intensa agenda de atividades no \u00e2mbito do projeto &#8220;Construindo Pontes com os Munic\u00edpios Empreendedores&#8221;, que antecipa o IV Congresso Internacional de Educa\u00e7\u00e3o Empreendedora e Cidadania (CiEECi). O projeto, que mobiliza comunidades escolares em cinco munic\u00edpios sergipanos, tem como foco a valoriza\u00e7\u00e3o da educa\u00e7\u00e3o empreendedora como ferramenta de transforma\u00e7\u00e3o social e cidad\u00e3.<\/p>\n<p>A agenda teve in\u00edcio na segunda-feira (05), com uma reuni\u00e3o estrat\u00e9gica no Sebrae Sergipe, onde o professor foi recebido pelo Diretor-T\u00e9cnico Brenno Barreto, pelo gerente de Cultura Empreendedora Vitor Alo\u00edsio, e pela analista Rosana Leite. O encontro tratou dos detalhes para que o Sebrae atue como correalizador do Congresso, ao lado da Universidade Aberta e dos cinco munic\u00edpios parceiros: Moita Bonita, Campo do Brito, Malhada dos Bois, Propri\u00e1 e Itabi.<\/p>\n<p>Inspira\u00e7\u00e3o e protagonismo local nas escolas sergipanas<br \/>\nNa ter\u00e7a-feira, a comitiva iniciou as visitas pelos munic\u00edpios. A primeira parada foi em Moita Bonita, onde alunos do ensino m\u00e9dio apresentaram os primeiros passos de seu projeto empreendedor. Em sua palestra, Jacinto Jardim falou sobre resili\u00eancia, sonho e protagonismo, incentivando os jovens a acreditarem em seus projetos como pontes para o futuro.<\/p>\n<p>Ainda na ter\u00e7a, foi a vez de Campo do Brito, onde o projeto \u201cCrian\u00e7a Empreendedora \u2013 O Futuro Come\u00e7a Agora\u201d, desenvolvido com alunos do povoado Cercado, emocionou a todos. A professora Cida, com l\u00e1grimas nos olhos, apresentou a experi\u00eancia vivida pelas crian\u00e7as que, por meio do estudo do sistema monet\u00e1rio, j\u00e1 produzem e vendem produtos como pulseiras e bolos de pote, aprendendo na pr\u00e1tica sobre empreendedorismo e cidadania. A iniciativa j\u00e1 chama aten\u00e7\u00e3o internacional e ser\u00e1 apresentada oficialmente no Congresso de outubro, em Aracaju.<\/p>\n<p>A quarta-feira foi marcada pela visita a Malhada dos Bois, onde o clima de encantamento foi traduzido em atividades de criatividade, escuta ativa e constru\u00e7\u00e3o coletiva de ideias. Os alunos ouviram atentos a fala de Jacinto Jardim, que destacou a import\u00e2ncia de unir educa\u00e7\u00e3o, inclus\u00e3o e empreendedorismo.<\/p>\n<p>\u00c0 tarde, em Propri\u00e1, a comitiva encontrou-se com os alunos da Educa\u00e7\u00e3o de Jovens e Adultos (EJA). O projeto EmpreendEJA emocionou a todos pela pot\u00eancia das hist\u00f3rias de vida compartilhadas. O professor \u00c9lder, \u00e0 frente da iniciativa, refor\u00e7ou o desejo de que o projeto continue e amplie seu impacto mesmo ap\u00f3s o Congresso.<\/p>\n<p>O encerramento da jornada aconteceu na sexta-feira (09), em Itabi, com uma recep\u00e7\u00e3o calorosa marcada por m\u00fasica, cultura, artesanato e esperan\u00e7a. Alunos e professores demonstraram forte envolvimento com a proposta do evento e destacaram o quanto falar de educa\u00e7\u00e3o empreendedora, intelig\u00eancia emocional e projeto de vida est\u00e1 sendo transformador para a comunidade escolar.<\/p>\n<p>Mais que um congresso: uma miss\u00e3o transformadora<br \/>\nPara Andr\u00e9 Gusm\u00e3o, coordenador geral do IV CiEECi no Brasil, \u201co Congresso cumpre uma fun\u00e7\u00e3o cient\u00edfica important\u00edssima, mas a agrega\u00e7\u00e3o dos cinco munic\u00edpios traz uma responsabilidade ainda maior, pois carrega a concretiza\u00e7\u00e3o de um sonho daquelas crian\u00e7as, daqueles adolescentes, daqueles adultos. Educa\u00e7\u00e3o Empreendedora \u00e9 projeto de vida, e o Congresso de outubro vem com essa responsabilidade e essa miss\u00e3o\u201d.<\/p>\n<p>Ao final da visita, o professor Jacinto Jardim fez quest\u00e3o de destacar a vis\u00e3o estrat\u00e9gica do Senador La\u00e9rcio Oliveira, que, em 2024, durante o Congresso Internacional de Munic\u00edpios Promotores do Empreendedorismo, no Funchal, afirmou: &#8220;Eu quero isto no meu Estado de Sergipe&#8221;. Segundo Jardim, \u201ca decis\u00e3o do Senador de trazer o Congresso para Aracaju demonstra um compromisso genu\u00edno com a transforma\u00e7\u00e3o educacional e com o fortalecimento dos ecossistemas locais de inova\u00e7\u00e3o\u201d.<\/p>\n<p>O IV CiEECi ser\u00e1 realizado entre os dias 16 e 18 de outubro de 2025, em Aracaju\/SE, reunindo educadores, gestores p\u00fablicos, empreendedores e estudiosos de v\u00e1rios pa\u00edses para discutir e compartilhar experi\u00eancias sobre educa\u00e7\u00e3o empreendedora, cidadania global e inova\u00e7\u00e3o social.<\/p>\n","protected":false},"excerpt":{"rendered":"<p>Entre os dias 05 e 09 de maio de 2025, o professor doutor Jacinto Jardim, da Universidade Aberta de Portugal, esteve em Sergipe em uma intensa agenda de atividades no \u00e2mbito do projeto &#8220;Construindo Pontes com os Munic\u00edpios Empreendedores&#8221;, que antecipa o IV Congresso Internacional de Educa\u00e7\u00e3o Empreendedora e Cidadania (CiEECi). O projeto, que mobiliza comunidades escolares em cinco munic\u00edpios sergipanos, tem como foco a valoriza\u00e7\u00e3o da educa\u00e7\u00e3o empreendedora como ferramenta de transforma\u00e7\u00e3o social e cidad\u00e3. A agenda teve in\u00edcio na segunda-feira (05), com uma reuni\u00e3o estrat\u00e9gica no Sebrae Sergipe, onde o professor foi recebido pelo Diretor-T\u00e9cnico Brenno Barreto, pelo gerente de Cultura Empreendedora Vitor Alo\u00edsio, e pela analista Rosana Leite. O encontro tratou dos detalhes para que o Sebrae atue como correalizador do Congresso, ao lado da Universidade Aberta e dos cinco munic\u00edpios parceiros: Moita Bonita, Campo do Brito, Malhada dos Bois, Propri\u00e1 e Itabi. Inspira\u00e7\u00e3o e protagonismo local nas escolas sergipanas Na ter\u00e7a-feira, a comitiva iniciou as visitas pelos munic\u00edpios. A primeira parada foi em Moita Bonita, onde alunos do ensino m\u00e9dio apresentaram os primeiros passos de seu projeto empreendedor. Em sua palestra, Jacinto Jardim falou sobre resili\u00eancia, sonho e protagonismo, incentivando os jovens a acreditarem em seus projetos como pontes para o futuro. Ainda na ter\u00e7a, foi a vez de Campo do Brito, onde o projeto \u201cCrian\u00e7a Empreendedora \u2013 O Futuro Come\u00e7a Agora\u201d, desenvolvido com alunos do povoado Cercado, emocionou a todos. A professora Cida, com l\u00e1grimas nos olhos, apresentou a experi\u00eancia vivida pelas crian\u00e7as que, por meio do estudo do sistema monet\u00e1rio, j\u00e1 produzem e vendem produtos como pulseiras e bolos de pote, aprendendo na pr\u00e1tica sobre empreendedorismo e cidadania. A iniciativa j\u00e1 chama aten\u00e7\u00e3o internacional e ser\u00e1 apresentada oficialmente no Congresso de outubro, em Aracaju. A quarta-feira foi marcada pela visita a Malhada dos Bois, onde o clima de encantamento foi traduzido em atividades de criatividade, escuta ativa e constru\u00e7\u00e3o coletiva de ideias. Os alunos ouviram atentos a fala de Jacinto Jardim, que destacou a import\u00e2ncia de unir educa\u00e7\u00e3o, inclus\u00e3o e empreendedorismo. \u00c0 tarde, em Propri\u00e1, a comitiva encontrou-se com os alunos da Educa\u00e7\u00e3o de Jovens e Adultos (EJA). O projeto EmpreendEJA emocionou a todos pela pot\u00eancia das hist\u00f3rias de vida compartilhadas. O professor \u00c9lder, \u00e0 frente da iniciativa, refor\u00e7ou o desejo de que o projeto continue e amplie seu impacto mesmo ap\u00f3s o Congresso. O encerramento da jornada aconteceu na sexta-feira (09), em Itabi, com uma recep\u00e7\u00e3o calorosa marcada por m\u00fasica, cultura, artesanato e esperan\u00e7a. Alunos e professores demonstraram forte envolvimento com a proposta do evento e destacaram o quanto falar de educa\u00e7\u00e3o empreendedora, intelig\u00eancia emocional e projeto de vida est\u00e1 sendo transformador para a comunidade escolar. Mais que um congresso: uma miss\u00e3o transformadora Para Andr\u00e9 Gusm\u00e3o, coordenador geral do IV CiEECi no Brasil, \u201co Congresso cumpre uma fun\u00e7\u00e3o cient\u00edfica important\u00edssima, mas a agrega\u00e7\u00e3o dos cinco munic\u00edpios traz uma responsabilidade ainda maior, pois carrega a concretiza\u00e7\u00e3o de um sonho daquelas crian\u00e7as, daqueles adolescentes, daqueles adultos. Educa\u00e7\u00e3o Empreendedora \u00e9 projeto de vida, e o Congresso de outubro vem com essa responsabilidade e essa miss\u00e3o\u201d. Ao final da visita, o professor Jacinto Jardim fez quest\u00e3o de destacar a vis\u00e3o estrat\u00e9gica do Senador La\u00e9rcio Oliveira, que, em 2024, durante o Congresso Internacional de Munic\u00edpios Promotores do Empreendedorismo, no Funchal, afirmou: &#8220;Eu quero isto no meu Estado de Sergipe&#8221;. Segundo Jardim, \u201ca decis\u00e3o do Senador de trazer o Congresso para Aracaju demonstra um compromisso genu\u00edno com a transforma\u00e7\u00e3o educacional e com o fortalecimento dos ecossistemas locais de inova\u00e7\u00e3o\u201d. O IV CiEECi ser\u00e1 realizado entre os dias 16 e 18 de outubro de 2025, em Aracaju\/SE, reunindo educadores, gestores p\u00fablicos, empreendedores e estudiosos de v\u00e1rios pa\u00edses para discutir e compartilhar experi\u00eancias sobre educa\u00e7\u00e3o empreendedora, cidadania global e inova\u00e7\u00e3o social.<\/p>\n","protected":false},"author":1,"featured_media":0,"comment_status":"open","ping_status":"open","sticky":false,"template":"","format":"standard","meta":{"footnotes":""},"categories":[3],"tags":[],"class_list":["post-1920","post","type-post","status-publish","format-standard","hentry","category-principal"],"_links":{"self":[{"href":"https:\/\/educacaoempreendedora.com\/cieeci2025\/wp-json\/wp\/v2\/posts\/1920","targetHints":{"allow":["GET"]}}],"collection":[{"href":"https:\/\/educacaoempreendedora.com\/cieeci2025\/wp-json\/wp\/v2\/posts"}],"about":[{"href":"https:\/\/educacaoempreendedora.com\/cieeci2025\/wp-json\/wp\/v2\/types\/post"}],"author":[{"embeddable":true,"href":"https:\/\/educacaoempreendedora.com\/cieeci2025\/wp-json\/wp\/v2\/users\/1"}],"replies":[{"embeddable":true,"href":"https:\/\/educacaoempreendedora.com\/cieeci2025\/wp-json\/wp\/v2\/comments?post=1920"}],"version-history":[{"count":1,"href":"https:\/\/educacaoempreendedora.com\/cieeci2025\/wp-json\/wp\/v2\/posts\/1920\/revisions"}],"predecessor-version":[{"id":1922,"href":"https:\/\/educacaoempreendedora.com\/cieeci2025\/wp-json\/wp\/v2\/posts\/1920\/revisions\/1922"}],"wp:attachment":[{"href":"https:\/\/educacaoempreendedora.com\/cieeci2025\/wp-json\/wp\/v2\/media?parent=1920"}],"wp:term":[{"taxonomy":"category","embeddable":true,"href":"https:\/\/educacaoempreendedora.com\/cieeci2025\/wp-json\/wp\/v2\/categories?post=1920"},{"taxonomy":"post_tag","embeddable":true,"href":"https:\/\/educacaoempreendedora.com\/cieeci2025\/wp-json\/wp\/v2\/tags?post=1920"}],"curies":[{"name":"wp","href":"https:\/\/api.w.org\/{rel}","templated":true}]}}